{"id":4452,"date":"2014-10-14T11:42:36","date_gmt":"2014-10-14T09:42:36","guid":{"rendered":"http:\/\/www.hanshafner.de\/blog\/?p=4452"},"modified":"2014-10-14T11:45:38","modified_gmt":"2014-10-14T09:45:38","slug":"hoffentlich-wahlen-die-turken-erdogan-das-nachste-mal-ab","status":"publish","type":"post","link":"https:\/\/www.hanshafner.de\/blog\/2014\/10\/14\/hoffentlich-wahlen-die-turken-erdogan-das-nachste-mal-ab\/","title":{"rendered":"Hoffentlich w\u00e4hlen die T\u00fcrken Erdogan das n\u00e4chste Mal ab!"},"content":{"rendered":"<p>   In der T\u00fcrkei sind drei deutsche Journalisten verhaftet worden. Was ihnen vorgeworfen wird, blieb zun\u00e4chst unklar. Der Vorfall ereignete sich im s\u00fcdostanatolischen Diyarbakir, einem der Zentren der Kurdenproteste.    Source: <a href=\"http:\/\/www.faz.net\/-gq5-7v0dc\" >http:\/\/www.faz.net\/-gq5-7v0dc<\/a>  Sent from tiny Reader RSS    <\/p>\n","protected":false},"excerpt":{"rendered":"<p>In der T\u00fcrkei sind drei deutsche Journalisten verhaftet worden. Was ihnen vorgeworfen wird, blieb zun\u00e4chst unklar. Der Vorfall ereignete sich im s\u00fcdostanatolischen Diyarbakir, einem der Zentren der Kurdenproteste. Source: http:\/\/www.faz.net\/-gq5-7v0dc Sent from tiny Reader RSS<\/p>\n","protected":false},"author":2,"featured_media":0,"comment_status":"open","ping_status":"open","sticky":false,"template":"","format":"standard","meta":{"footnotes":""},"categories":[174],"tags":[],"class_list":["post-4452","post","type-post","status-publish","format-standard","hentry","category-lifestream"],"_links":{"self":[{"href":"https:\/\/www.hanshafner.de\/blog\/wp-json\/wp\/v2\/posts\/4452","targetHints":{"allow":["GET"]}}],"collection":[{"href":"https:\/\/www.hanshafner.de\/blog\/wp-json\/wp\/v2\/posts"}],"about":[{"href":"https:\/\/www.hanshafner.de\/blog\/wp-json\/wp\/v2\/types\/post"}],"author":[{"embeddable":true,"href":"https:\/\/www.hanshafner.de\/blog\/wp-json\/wp\/v2\/users\/2"}],"replies":[{"embeddable":true,"href":"https:\/\/www.hanshafner.de\/blog\/wp-json\/wp\/v2\/comments?post=4452"}],"version-history":[{"count":0,"href":"https:\/\/www.hanshafner.de\/blog\/wp-json\/wp\/v2\/posts\/4452\/revisions"}],"wp:attachment":[{"href":"https:\/\/www.hanshafner.de\/blog\/wp-json\/wp\/v2\/media?parent=4452"}],"wp:term":[{"taxonomy":"category","embeddable":true,"href":"https:\/\/www.hanshafner.de\/blog\/wp-json\/wp\/v2\/categories?post=4452"},{"taxonomy":"post_tag","embeddable":true,"href":"https:\/\/www.hanshafner.de\/blog\/wp-json\/wp\/v2\/tags?post=4452"}],"curies":[{"name":"wp","href":"https:\/\/api.w.org\/{rel}","templated":true}]}}