{"id":2699,"date":"2012-05-23T15:43:55","date_gmt":"2012-05-23T13:43:55","guid":{"rendered":"http:\/\/www.hanshafner.de\/?p=2699"},"modified":"2012-05-23T15:47:03","modified_gmt":"2012-05-23T13:47:03","slug":"piratenpartei-kopiert-jetzt-auch-veranstaltungen","status":"publish","type":"post","link":"https:\/\/www.hanshafner.de\/blog\/2012\/05\/23\/piratenpartei-kopiert-jetzt-auch-veranstaltungen\/","title":{"rendered":"Piratenpartei kopiert jetzt auch Veranstaltungen"},"content":{"rendered":"<p>Zu der <a href=\"http:\/\/kulturstimmen.de\/kalender\/gema-aktions-und-diskussionstag\/\">Veranstaltung im Rahmen des Aktionstags &#8220;Wert der Kreativit\u00e4t&#8221;<\/a> zu dem die Bezirksdirektion Hamburg der GEMA unter anderem auch den dann gar nicht erst erschienenen Bruno Kramm eingeladen hatte, schreibt die Piratenpartei Hamburg ganz im Sinne der freien Kopie diese Ank\u00fcndigung:<\/p>\n<blockquote><p><a href=\"http:\/\/www.piratenpartei-hamburg.de\/2012\/05\/21\/piratenpartei-ladt-zu-basisdemokratischer-debatte-uber-das-urheberrecht-ein\/\">Piratenpartei l\u00e4dt zu basisdemokratischer Debatte \u00fcber das Urheberrecht ein | Piratenpartei Landesverband Hamburg<\/a>.<\/p><\/blockquote>\n<p>Liebe Piraten: bleibt wenigstens bei der Wahrheit!<\/p>\n","protected":false},"excerpt":{"rendered":"<p>Zu der Veranstaltung im Rahmen des Aktionstags &#8220;Wert der Kreativit\u00e4t&#8221; zu dem die Bezirksdirektion Hamburg der GEMA unter anderem auch den dann gar nicht erst erschienenen Bruno Kramm eingeladen hatte, schreibt die Piratenpartei Hamburg ganz im Sinne der freien Kopie diese Ank\u00fcndigung: Piratenpartei l\u00e4dt zu basisdemokratischer Debatte \u00fcber das Urheberrecht ein | Piratenpartei Landesverband Hamburg. [&hellip;]<\/p>\n","protected":false},"author":2,"featured_media":0,"comment_status":"open","ping_status":"open","sticky":false,"template":"","format":"standard","meta":{"footnotes":""},"categories":[5,10],"tags":[],"class_list":["post-2699","post","type-post","status-publish","format-standard","hentry","category-blog-2","category-political"],"_links":{"self":[{"href":"https:\/\/www.hanshafner.de\/blog\/wp-json\/wp\/v2\/posts\/2699","targetHints":{"allow":["GET"]}}],"collection":[{"href":"https:\/\/www.hanshafner.de\/blog\/wp-json\/wp\/v2\/posts"}],"about":[{"href":"https:\/\/www.hanshafner.de\/blog\/wp-json\/wp\/v2\/types\/post"}],"author":[{"embeddable":true,"href":"https:\/\/www.hanshafner.de\/blog\/wp-json\/wp\/v2\/users\/2"}],"replies":[{"embeddable":true,"href":"https:\/\/www.hanshafner.de\/blog\/wp-json\/wp\/v2\/comments?post=2699"}],"version-history":[{"count":2,"href":"https:\/\/www.hanshafner.de\/blog\/wp-json\/wp\/v2\/posts\/2699\/revisions"}],"predecessor-version":[{"id":2702,"href":"https:\/\/www.hanshafner.de\/blog\/wp-json\/wp\/v2\/posts\/2699\/revisions\/2702"}],"wp:attachment":[{"href":"https:\/\/www.hanshafner.de\/blog\/wp-json\/wp\/v2\/media?parent=2699"}],"wp:term":[{"taxonomy":"category","embeddable":true,"href":"https:\/\/www.hanshafner.de\/blog\/wp-json\/wp\/v2\/categories?post=2699"},{"taxonomy":"post_tag","embeddable":true,"href":"https:\/\/www.hanshafner.de\/blog\/wp-json\/wp\/v2\/tags?post=2699"}],"curies":[{"name":"wp","href":"https:\/\/api.w.org\/{rel}","templated":true}]}}